{"id":1027,"date":"2022-01-15T09:10:44","date_gmt":"2022-01-15T09:10:44","guid":{"rendered":"http:\/\/klinikakubane.com\/Portal\/?p=1027"},"modified":"2022-02-28T13:17:24","modified_gmt":"2022-02-28T13:17:24","slug":"trajtimi-i-vitiligos-me-melagenina-largon-njollat-ne-lekure-pa-e-demtuar-ate","status":"publish","type":"post","link":"https:\/\/klinikakubane.com\/Portal\/trajtimi-i-vitiligos-me-melagenina-largon-njollat-ne-lekure-pa-e-demtuar-ate\/","title":{"rendered":"Trajtimi i Vitiligos me MELAGENINA, largon  njollat n\u00eb l\u00ebkur\u00eb pa e d\u00ebmtuar at\u00eb"},"content":{"rendered":"\n<p>Vitiligo \u00ebsht\u00eb nj\u00eb \u00e7rregullim kronik, nj\u00eb s\u00ebmundje e cila b\u00ebn q\u00eb l\u00ebkura t\u00eb humbas\u00eb ngjyr\u00ebn e saj natyrale dhe t\u00eb shfaqen disa njolla. Ndon\u00ebse, nuk \u00ebsht\u00eb ngjit\u00ebse apo nuk \u00ebsht\u00eb k\u00ebrc\u00ebnuese p\u00ebr jet\u00ebn, njer\u00ebzit t\u00eb cil\u00ebt vuajn\u00eb nga kjo s\u00ebmundje priren t\u00eb ken\u00eb nj\u00eb vet\u00ebbesim t\u00eb ul\u00ebt, t\u00eb jen\u00eb m\u00eb pak social deri edhe t\u00eb vuajn\u00eb nga depresioni. <\/p>\n\n\n\n<p>Por tashm\u00eb e ka nj\u00eb zgjidhje. MELAGENINA plus \u00ebsht\u00eb nj\u00eb\nekstrakt alkoolik i placent\u00ebs humane, q\u00eb b\u00ebn t\u00eb mundur nxitjen e riprodhimit t\u00eb\nmelanociteve n\u00eb kufijt\u00eb e sip\u00ebrfaqes s\u00eb d\u00ebmtuar, si edhe ndihmon duke stimuluar\nprocesin e prodhimit t\u00eb melanin\u00ebs, arsye t\u00eb cilat e b\u00ebjn\u00eb k\u00ebt\u00eb medikament\nefektiv n\u00eb trajtimin e Vitiligos. Efekti ripigmentues i MELAGENINA plus &nbsp;\u00ebsht\u00eb selektiv, kjo do t\u00eb thot\u00eb q\u00eb nuk ka asnj\u00eb\nefekt n\u00eb l\u00ebkur\u00ebn e sh\u00ebndosh\u00eb, pra nuk e d\u00ebmton at\u00eb. <\/p>\n","protected":false},"excerpt":{"rendered":"<p>Vitiligo \u00ebsht\u00eb nj\u00eb \u00e7rregullim kronik, nj\u00eb s\u00ebmundje e cila b\u00ebn q\u00eb l\u00ebkura t\u00eb humbas\u00eb ngjyr\u00ebn e saj natyrale dhe t\u00eb shfaqen disa njolla. Ndon\u00ebse, nuk \u00ebsht\u00eb ngjit\u00ebse apo nuk \u00ebsht\u00eb k\u00ebrc\u00ebnuese p\u00ebr jet\u00ebn, njer\u00ebzit t\u00eb cil\u00ebt vuajn\u00eb nga kjo s\u00ebmundje priren t\u00eb ken\u00eb nj\u00eb vet\u00ebbesim t\u00eb ul\u00ebt, t\u00eb jen\u00eb m\u00eb pak social deri edhe t\u00eb [&hellip;]<\/p>\n","protected":false},"author":3,"featured_media":1028,"comment_status":"closed","ping_status":"closed","sticky":false,"template":"","format":"standard","meta":{"footnotes":""},"categories":[20,23],"tags":[],"class_list":["post-1027","post","type-post","status-publish","format-standard","has-post-thumbnail","hentry","category-lajme","category-shendeti-yne"],"_links":{"self":[{"href":"https:\/\/klinikakubane.com\/Portal\/wp-json\/wp\/v2\/posts\/1027","targetHints":{"allow":["GET"]}}],"collection":[{"href":"https:\/\/klinikakubane.com\/Portal\/wp-json\/wp\/v2\/posts"}],"about":[{"href":"https:\/\/klinikakubane.com\/Portal\/wp-json\/wp\/v2\/types\/post"}],"author":[{"embeddable":true,"href":"https:\/\/klinikakubane.com\/Portal\/wp-json\/wp\/v2\/users\/3"}],"replies":[{"embeddable":true,"href":"https:\/\/klinikakubane.com\/Portal\/wp-json\/wp\/v2\/comments?post=1027"}],"version-history":[{"count":0,"href":"https:\/\/klinikakubane.com\/Portal\/wp-json\/wp\/v2\/posts\/1027\/revisions"}],"wp:featuredmedia":[{"embeddable":true,"href":"https:\/\/klinikakubane.com\/Portal\/wp-json\/wp\/v2\/media\/1028"}],"wp:attachment":[{"href":"https:\/\/klinikakubane.com\/Portal\/wp-json\/wp\/v2\/media?parent=1027"}],"wp:term":[{"taxonomy":"category","embeddable":true,"href":"https:\/\/klinikakubane.com\/Portal\/wp-json\/wp\/v2\/categories?post=1027"},{"taxonomy":"post_tag","embeddable":true,"href":"https:\/\/klinikakubane.com\/Portal\/wp-json\/wp\/v2\/tags?post=1027"}],"curies":[{"name":"wp","href":"https:\/\/api.w.org\/{rel}","templated":true}]}}